{"id":7446,"date":"2018-01-18T22:22:52","date_gmt":"2018-01-18T21:22:52","guid":{"rendered":"http:\/\/tupalla.com\/wp\/?p=7446"},"modified":"2018-02-16T23:07:01","modified_gmt":"2018-02-16T22:07:01","slug":"jonuz-musliu","status":"publish","type":"post","link":"http:\/\/tupalla.com\/wp\/jonuz-musliu\/","title":{"rendered":"Jonuz MUSLIU"},"content":{"rendered":"<p><img loading=\"lazy\" src=\"http:\/\/tupalla.com\/wp\/wp-content\/uploads\/2018\/01\/Jonuz-Musliu.2.png\" alt=\"\" width=\"466\" height=\"257\" class=\"alignnone size-full wp-image-7440\" srcset=\"http:\/\/tupalla.com\/wp\/wp-content\/uploads\/2018\/01\/Jonuz-Musliu.2.png 466w, http:\/\/tupalla.com\/wp\/wp-content\/uploads\/2018\/01\/Jonuz-Musliu.2-300x165.png 300w\" sizes=\"(max-width: 466px) 100vw, 466px\" \/><\/p>\n<p><strong>Jonuz Musliu, do t\u2019i mungon sken\u00ebs politike n\u00eb Lugin\u00eb t\u00eb Preshev\u00ebs<\/strong><\/p>\n<p>T\u00eb ngritesh n\u00eb nj\u00eb luft\u00eb t\u00eb armatosur p\u00ebr t\u00eb mbrojtur pragun nga padrejt\u00ebsit dhe diskriminimi n\u00eb nj\u00eb krahin\u00eb q\u00eb p\u00ebrfshin tri komuna \u00ebsht\u00eb dashur mundi,sakrific\u00eb, p\u00ebrkushtim e t\u00eb sfidohesh n\u00eb \u00e7do moment.N\u00eb fillim t\u00eb viteve 90-ta mbajtja e Refendumit t\u00eb k\u00ebsaj krahine.Pjes\u00ebmarrja aktive n\u00eb jet\u00ebn politike. T\u00eb fillohet e t\u00eb organizohet lufta e U\u00c7PMB-\u00ebs nuk ishte leht\u00eb, prandaj i ndjeri Jonuz Musliut,s\u00eb bashku me shok\u00eb t\u00eb idealit ishte nj\u00eb nga ata t\u00eb meritueshmit.<br \/>\nJonuz Musliu, do ti mungon sken\u00ebs politike t\u00eb Medvegj\u00ebs, Bujanocit dhe Preshev\u00ebs.<br \/>\nNgush\u00ebllime familjes MUSLIU,  Ushatar\u00ebve dhe Ushtarak\u00ebve t\u00eb U\u00c7PMB-\u00ebs.<br \/>\nLavdi pun\u00ebs dhe vepr\u00ebs s\u00eb pavdekshme.<br \/>\nI leht\u00eb qoft\u00eb dheu i k\u00ebsaj k\u00ebsaj krahine shqiptare<\/p>\n<p>shkruan: Refik HASANI<\/p>\n<p><strong>Organizata e Veteranve te luftes se UQPMBs dega_Medvegj\u00eb<\/strong>. Me pikllim morem lajmin per ndarjen nga jeta e ideatorit dhe njerin nga njerzit e par te celulave te UQPMBs njeriut te madh te qeshtjes kombetare, njeriut te pushkes dhe te pendes, njeriut te liris i cili dha te gjitha nga vetja per lirin e popullit te vet .Ngushllime familjes farefisit shokve miqve dhe gjith bashkluftarve per humbjen e nji patrioti ,komandant Januz Musliu Ngushllime ,Respekt<\/p>\n<p>Shkruan: Zymer ISMAJLI<\/p>\n<p><strong>NJ\u00cb LAJM TEP\u00cbR I PIK\u00cbLLUAR P\u00cbR LUGIN\u00cbN DHE TROJET ETNIKE SHQIPTARE<\/strong><br \/>\nIKU EDHE NJ\u00cb ATDHETAR I MADH, P\u00cbR T\u00cb CILIN PAT NEVOJ\u00cb SHUM\u00cb LUGINA E PRESHEV\u00cbS<br \/>\nSot, pas nj\u00eb s\u00ebmundje t\u00eb shkurt\u00ebr ka nd\u00ebrruar jet\u00eb n\u00eb nj\u00eb spital n\u00eb Turqi, JONUZ MUSLIU, nj\u00ebri nd\u00ebr ish-udh\u00ebheq\u00ebsit e U\u00c7PMB-s\u00eb, ish i burgosur politik, veteran i U\u00c7K-s\u00eb, veprimtar\u00eb i kahmotsh\u00ebm i \u00e7\u00ebshtjes komb\u00ebtare, lider i Partis\u00eb s\u00eb Progresit Demokratik, ish funksionar i Kuvendit Komunal t\u00eb Bujanocit, si dhe Kryetar i K\u00ebshillit Komb\u00ebtar Shqiptar\u00eb t\u00eb Lugin\u00ebs s\u00eb Preshev\u00ebs.<br \/>\nLugina humbi nj\u0113 veprimtar\u00eb t\u00eb madh t\u00eb kombit, i cili ishte pjes\u00eb e t\u00eb gjitha proceseve q\u00eb kishin ndodhur n\u0113 rajon q\u00eb nga viti 1981.<br \/>\nVdekja e tij i ka pik\u00eblluar t\u00eb gjith\u00eb, jo vet\u00ebm njer\u00ebzit e Lugin\u00ebs, t\u00eb cil\u00ebt kishin nevoj\u00eb t\u00eb madhe p\u00ebr vlera t\u00eb k\u00ebtilla.<br \/>\nEdhe un\u00eb e kisha fatin ta kam shok, mik dhe t\u00eb isha bashk\u00ebpun\u00ebtor\u00eb n\u00eb koh\u00eb t\u00eb v\u00ebshtira, v\u00ebrtet ishte nj\u00eb njeri i shk\u00eblqyesh\u00ebm, trim, atdhetar\u00eb dhe kishte nj\u00eb vizion t\u00eb qart\u00eb politik mbi kauz\u00ebn komb\u00ebtare.<br \/>\nLugina e Preshev\u00ebs p\u00ebr te ishte trungu i pandar\u00eb i Kosov\u00ebs, edh pse administrativisht ka mbetur n\u00ebn Serbi, ai kurr\u00eb k\u00ebt\u00eb nuk e d\u00ebshironte. Ishte z\u00ebri i pak\u00ebt n\u00eb rajon q\u00eb k\u00ebrkonte bashkim komb\u00ebtar\u00eb. Ishte shum\u00eb optimist se ky synim do t\u0113 arrihet.<\/p>\n<p>Ngush\u00ebllime m\u0113 t\u00eb sinqerta familjes, bashk\u00ebveprimtar\u00ebve, shok\u00ebve, si dhe t\u00eb gjith\u00eb atyre q\u00eb e kishin njohur.<\/p>\n<p>Lavdi jet\u00ebs dhe vepr\u00ebs s\u00eb Jonuz Musliut, Zoti e m\u00ebshiroft\u00eb n\u00eb xhenet, i leht\u00eb i qoft\u00eb dheu i Lugin\u00ebs, t\u00eb cil\u00ebn shum\u00eb e deshi dhe i dha shum\u00eb mundi dhe sakrific\u00eb.<\/p>\n<p>Shkruan: Femi RAMADANI<\/p>\n<p><strong>Nuk e besoj! <\/strong><br \/>\nKy mbetet i gjall midis nesh! Ndonse Zoti zgjedh e nuk mbledh!<br \/>\nNgush\u00ebllime miq dhe familjar\u00eb.<\/p>\n<p>LAJM I PIK\u00cbLLUAR P\u00cbR LUGIN\u00cbN DHE TROJET ETNIKE SHQIPTARE<br \/>\nVdekje qe krijojne boshlleqe te medha.<br \/>\nNjerezit si Jonuz Musliu, ikin vec fizikisht nga kjo bote, ndersa vepra, angazhimi e atdhedashuria, mbeten gjithmone ne zemrat e mendjet tona.<br \/>\nPusho i qete Jonuz.Gjat\u00eb gjith\u00eb jet\u00ebs punove dhe luftove p\u00ebr t\u2019a b\u00ebr\u00eb Shqiprin\u00eb Shqiperi.<\/p>\n<p>Ngushllime familjes Musliu, shokeve te luftes e paqes dhe gjithe shqiptareve!<br \/>\nNgushllime per t\u00ebr\u00eb ekipin mjek\u00ebsor t\u00eb spitalit n\u00eb Edrene dhe Istambul ne Turqi.te cilet u p\u00ebrkujdesen per shendetin e mikut ton\u00eb Junuz Musliut<\/p>\n<p>Ngushllim i veqant u shkon Ministrise se shendetesise Turqise.<br \/>\nKryetarit t\u00eb VATR\u00cbS Shqiptare n\u00eb Stamboll z, Bora Zukali,e me e veqata per kete Gazetar\u00ebs m\u00eb fam\u00eb Botnore Mimoza Elezi n\u00eb Turqi t\u00eb cil\u00ebt b\u00ebn p\u00ebrpjekjet e tyre maksimale dhe nuk kursyen asgj\u00eb nga vetja e tyre duke v\u00ebn n\u00eb L\u00ebvizje edhe Ministrin\u00eb e sh\u00ebdet\u00ebsis\u00eb n\u00eb Istamboll p\u00ebr p\u00ebrkujdesjen e sh\u00ebndetit t\u00eb Junuz Musliut,<\/p>\n<p>Pusho i qete Jonuz.Gjat\u00eb gjith\u00eb jet\u00ebs punove dhe luftove p\u00ebr t\u2019a b\u00ebr\u00eb Shqiprin\u00eb tamam Shqiperi.<br \/>\nN\u00eb dasht\u00eb Zoti kjo do t\u00eb b\u00ebhet!<br \/>\nZoti t\u00eb m\u00ebshiroft\u00eb.<\/p>\n<p>Shkruan: Sadik SADIKU<\/p>\n<p><strong>Me dhembje t\u00eb madhe e morr\u00ebm lajmin p\u00ebr vdekjen e Jonuz Musliut<\/strong>, kryetarit t\u00eb K\u00ebshillit Komb\u00ebtar Shqiptar, nj\u00ebkoh\u00ebsisht kryetarit t\u00eb Kuvendit Komunal t\u00eb Bujanocit dhe L\u00ebvizjes s\u00eb Progresit Demokratik.<br \/>\nN\u00eb k\u00ebto caste pik\u00ebllimi, n\u00eb rradh\u00eb t\u00eb par\u00eb i shprehim ngushllime familjes Musliu p\u00ebr humbjen e babait, bashk\u00ebshortit dhe t\u00eb af\u00ebrmit t\u00eb tyre. Poashtu ngushllojm\u00eb t\u00eb gjith\u00eb miq\u00ebt, dashamir\u00ebt dhe bashk\u00ebpun\u00ebtor\u00ebt e tij.Ngushllime i shprehim t\u00eb gjith\u00eb an\u00ebtar\u00ebsis\u00eb s\u00eb LPD-s\u00eb p\u00ebr humbjen e liderit t\u00eb tyre si dhe k\u00ebshilltar\u00ebve n\u00eb Kuvendin Komunal t\u00eb Bujanocit dhe atyre n\u00eb K\u00ebshillin Komb\u00ebtar p\u00ebr humbjen e prij\u00ebsit t\u00eb tyre.<br \/>\nJonuz Musliun do ta kujtojm\u00eb si nj\u00eb njeri t\u00eb sinqert\u00eb, t\u00eb shoq\u00ebruesh\u00ebm dhe bujar. Por mbi t\u00eb gjitha do ta mbajm\u00eb mend si nj\u00eb trim dhe luft\u00ebtar\u00eb t\u00eb pa kompromis p\u00ebr lirin\u00eb dhe t\u00eb drejtat e shqiptar\u00ebve. Ai asnj\u00ebher\u00eb nuk u zmbraps para fortunave q\u00eb bartnin me vete koh\u00ebt e liga duke treguar vendosshm\u00ebrin\u00eb q\u00eb kombi t\u00eb cilit i p\u00ebrkiste t\u00eb jetoj\u00eb m\u00eb mir\u00eb.<br \/>\nIshte n\u00eb ball\u00eb t\u00eb proceseve m\u00eb t\u00eb r\u00ebnd\u00ebsishme p\u00ebr rajonin, p\u00ebrshir\u00eb edhe ato m\u00eb sfiduese sic ishte lufta e UCPMB-s\u00eb.<br \/>\nAi u nda nga kjo jet\u00eb pa qen\u00eb t\u00eb realizuara n\u00eb plot\u00ebni aspiratat p\u00ebr t\u00eb cilat u angazhua dhe sakrifikua p\u00ebr nj\u00eb jet\u00eb t\u00eb t\u00ebr\u00eb.<br \/>\nLusim Zotin e Madh\u00ebrish\u00ebm q\u00eb ta m\u00ebshiroj\u00eb z.Musliu dhe n\u00eb bot\u00ebn tjet\u00ebr ta bashkoj\u00eb me m\u00eb t\u00eb mir\u00ebt!<\/p>\n<p>shkruan :Arb\u00ebr Pajaziti, kryetar i APN-s\u00eb n\u00eb Bujanoc<\/p>\n<p><strong>ND\u00cbRROI JET\u00cb JONUZ MUSLIU- KRYETAR I KNSH, LPD DHE I KUVENDIT T\u00cb BUJANOCIT<br \/>\n1959-2018<\/strong><\/p>\n<p>Shkruan Rrahman Hyseni<br \/>\nSot 18 janari i vitit 2018 ishte nj\u00eb dit\u00eb kobzez\u00eb, ngase prej nesh u nda z Jonuz Musliu. Un\u00eb, n\u00eb emrin tim, t\u00eb miqve t\u00eb mi poet\u00eb dhe t\u00eb familjes sime, u shprehim ngush\u00ebllime e ngush\u00ebllimit i bashk\u00ebngjiten edhe invalid\u00ebt, veteran\u00ebt e U\u00c7K-s\u00eb, U\u00c7MPB-\u00ebs,, instuticionet e Shqip\u00ebris\u00eb, t\u00eb Kosov\u00ebs dhe institucionet e pjes\u00ebs shqiptare t\u00eb Malit t\u00eb Zi dhe t\u00eb Maqedonis\u00eb.<br \/>\nJonuzi ishte duke u trajtuar p\u00ebr sh\u00ebrim nga nj\u00eb s\u00ebmundje q\u00eb vuante.<br \/>\nP\u00ebr vdekjen e luft\u00ebtarit dhe birit t\u00eb denj\u00eb t\u00eb kombit shqiptar, JONUZ MUSLIU \u00ebsht\u00eb pak t\u00eb shkruhet, madje edhe me nj\u00eb fjalor t\u00eb pasur t\u00eb gjuh\u00ebs son\u00eb.Jonuzi na pik\u00eblloi t\u00eb gjith\u00ebve sepse e kishim shpres\u00ebn se do t\u00eb na kthehej, por ja se nuk ndodhi kjo d\u00ebshir\u00eb jona. Ai u nis n\u00eb amshim.<br \/>\nK\u00ebt\u00eb burr\u00eb t\u00eb denj\u00eb vdekja e gjeti n\u00eb postin e kryetarit t\u00eb K\u00ebshillit Nacional t\u00eb Shqiptar\u00ebve t\u00eb Lugin\u00ebs s\u00eb Preshev\u00ebs. Jonuz Musliu dha nj\u00eb kontribut t\u00eb vazhduesh\u00ebm p\u00ebr avancimin e t\u00eb drejtave politike dhe komb\u00ebtare t\u00eb shqiptar\u00ebve t\u00eb Lugin\u00ebs s\u00eb Preshev\u00ebs. Ai poashtu dha kontribut n\u00eb procesin e \u00e7lirimit t\u00eb Kosov\u00ebs. Mbi t\u00eb gjitha, Jonuz Musliu ishte i p\u00ebrkushtuar p\u00ebr zgjidhje t\u00eb drejt\u00eb t\u00eb \u00e7\u00ebshtjes s\u00eb shqiptar\u00ebve n\u00eb Lugin\u00ebn e Preshev\u00ebs. Jonuz Musliu ka qen\u00eb duke u trajtuar n\u00eb Turqi nga nj\u00eb s\u00ebmundje q\u00eb vuante.<br \/>\nVeprat e k\u00ebtij burri t\u00eb madh shqiptar, e b\u00ebn\u00eb t\u00eb amshuesh\u00ebm n\u00eb mesin ton\u00eb, e b\u00ebn\u00eb p\u00ebrjet\u00ebsi. N\u00eb mesin ton\u00eb do t\u00eb jetoj\u00eb p\u00ebrjet\u00ebsisht.<br \/>\nPrehu n\u00eb paqe i madhi Jonuz Musliu, krenari e kombit ton\u00eb!<br \/>\nLavdi e p\u00ebrjetshme!<\/p>\n<p>shkruan: Rrahman Hyseni<\/p>\n<p><strong>Sot ka nd\u00ebrruar jet\u00eb kryetari i KKSH-s\u00eb, z. Jonuz Musliu.<\/strong><br \/>\nKryesia e Fondit Humanitar p\u00ebr Preshev\u00eb Bujanoc e Medvegj\u00eb me seli n\u00eb Wetzikon &#8211; Zvic\u00ebr ngush\u00ebllon familjar\u00ebt dhe LPD-n\u00eb p\u00ebr humbjen e liderit t\u00eb tyre. I leht\u00eb i qoft dheu i Lugin\u00ebs!<\/p>\n<p>shkruan: Adnan IMERI<strong><\/p>\n<p><\/strong><strong>Ngush\u00ebllime t\u00eb p\u00ebrzem\u00ebrta juve familjes s\u00eb ngusht MUSLIU<\/strong><br \/>\nngush\u00ebllime farefisit shoq\u00ebris dhe ngush\u00ebllime mbar\u00eb bashk\u00ebluft\u00ebtar\u00ebve t\u00eb U\u00c7PMB-U\u00c7K-s\u00eb.<br \/>\nMe rrespekt nga Invalidi Luft\u00ebs s\u00eb U\u00c7PMB-s\u00eb<br \/>\nI leht\u00eb t\u00eb qoft\u00eb dheu shoku I luft\u00ebs.<br \/>\nshkruan: Musa Latifi Kishaj<\/p>\n<p><strong>Sod morem lajmin per humbjen e njeriut me te devoteshem te qeshtjes kombtare<\/strong> andaj shprehi ngushllimet me te sinqerta familjes se Jonuz Musliut shokve dhe gjith bashkluftarve qoft i leht dheu u shqipnis<\/p>\n<p>shkruan: Agim ABAZI Medvegjalia_ ish ushtar i U\u00e7pmb_\u00ebs<\/p>\n<p><strong>Me dhembje mora lajmin p\u00ebr shuarjen e luft\u00ebtarit t\u00eb liris\u00eb<\/strong>, ish komandant i U\u00c7MPB-s\u00eb dhe Kryetar i K\u00ebshillit Nacional t\u00eb Shqiptar\u00ebve n\u00eb Lugin\u00eb t\u00eb Preshev\u00ebs, Jonuz Musliu.<\/p>\n<p>Musliu, nj\u00eb jet\u00eb njeriu i \u00ebsht\u00eb p\u00ebrkushtuar zgjidhjes s\u00eb drejt\u00eb t\u00eb \u00e7\u00ebshtjes s\u00eb shqiptar\u00ebve n\u00eb Lugin\u00eb, luft\u00ebtar i paepur i t\u00eb drejtave t\u00eb njeriut, mik dhe familjar i mir\u00eb, do t\u2019i mungoj\u00eb familjes s\u00eb tij, dhe komunitetit.<\/p>\n<p>I qoft\u00eb i leht\u00eb dheu!<\/p>\n<p>RH<br \/>\nshkruan: Kryeministri i Republik\u00ebs s\u00eb Kosoves <strong>Ramush HARADINAJ<\/strong><\/p>\n<p><strong>Me dhembje mora lajmin p\u00ebr vdekjen veprimtarit t\u00eb shquar Jonuz Musliu<\/strong>, kryetar i K\u00ebshillit Nacional t\u00eb Shqiptar\u00ebve t\u00eb Lugin\u00ebs s\u00eb Preshev\u00ebs.<\/p>\n<p>Jonuz Musliu dha nj\u00eb kontribut t\u00eb vazhduesh\u00ebm p\u00ebr avancimin e t\u00eb drejtave politike dhe komb\u00ebtare t\u00eb shqiptar\u00ebve t\u00eb Lugin\u00ebs s\u00eb Preshev\u00ebs.<\/p>\n<p>Jonuz Musliu po ashtu dha kontribut n\u00eb procesin e \u00e7lirimit t\u00eb Kosov\u00ebs.<\/p>\n<p>Ngush\u00ebllimet m\u00eb t\u00eb sinqerta familjes Musliu. HTH<\/p>\n<p>shkruan: Presideniti i Republik\u00ebs s\u00eb Kosoves  <strong>Hashim THA\u00e7i<\/strong><\/p>\n<p><img loading=\"lazy\" src=\"http:\/\/tupalla.com\/wp\/wp-content\/uploads\/2018\/01\/Jonuz-Musliu-1.png\" alt=\"\" width=\"470\" height=\"257\" class=\"alignnone size-full wp-image-7443\" srcset=\"http:\/\/tupalla.com\/wp\/wp-content\/uploads\/2018\/01\/Jonuz-Musliu-1.png 470w, http:\/\/tupalla.com\/wp\/wp-content\/uploads\/2018\/01\/Jonuz-Musliu-1-300x164.png 300w\" sizes=\"(max-width: 470px) 100vw, 470px\" \/><\/p>\n<p>Na <strong>ndiqni<\/strong> n\u00eb <span style=\"color: #0000ff;\"><strong><a style=\"color: #0000ff;\" href=\"https:\/\/www.facebook.com\/medvegja.redaksia\" target=\"_blank\">Facebook\u00a0<\/a><\/strong><\/span><\/p>\n<p>B\u00ebhuni <strong>fans<\/strong> t\u00eb\u00a0<span style=\"color: #008000;\"><strong>\u00a0<span style=\"color: #333399;\"><a style=\"color: #333399;\" href=\"https:\/\/www.facebook.com\/medvegja.redaksia\" target=\"_blank\">REDAKSIS\u00cb Medvegja<\/a>\u00a0<\/span><\/strong><\/span><br \/>\n<a href=\"http:\/\/www.facebook.com\/medvegja.redaksia\" rel=\"noopener\" target=\"_blank\"><img loading=\"lazy\" src=\"http:\/\/tupalla.com\/wp\/wp-content\/uploads\/2015\/05\/logo-001_pixiz1.png\" alt=\"Asllan Dibrani,ibrahim egriu,Shaban Abazi, Maki,Makfire CANOLLI,kosova lindore , Lugina e presheves, zenel Hajdini, florim rushiti,adem Jashari,Brahim Salihu CURRI ,xhim xhema,Ramadan Xhema,Poezi,hijet q\u00eb teatronin,armiku ,kosova ,medvegja ,presheva ,shqiperia etnike,U\u00e7K,U\u00e7pmb,ilirida,adem jashari,sk\u00ebnder beu, n\u00ebn tereza,Medvegja Redaksia, tupalla.com,sanxhaku i nishit,kultur ,sport,politik\u00eb, luft\u00eb,paqe,pajtim, korrupcion , gjygje,shkoll\u00eb,arsim,profesion,shkenc\u00eb,art,parlament,avokat,presidentja,Pacolli,femi Beha,PD medvegje, PVD Medvegj\u00eb. Kosova Lindore, Ligina e presheves,riza Halimit,Sadri Ramabaja,Rrapi i jet\u00ebs sime, Gallap-Gollaku, Zahide Marije Ukaj-Mal\u00ebsorja medvegjase,Smail Morina-Ballisti ,ortodokset shqipetar Maqedoni,Beogradi,sport boks ,Agim Tahiraj ,Aziz salihu, Samir Salihu,Tupalla.shpernhulja e shqipetarve 1999,poezia e jav\u00ebs,Ali Hajdini,Sanxhaku i Nishit,Filmi , Kosov\u00eb, shqiponj\u00eb e rob\u00ebruar,Jusuf G\u00ebrvalla, Sofra Medvegjase,Shqiptare,shoqata Medvegja,Din EGRIU Atentat,Ali Laj\u00e7i, Kufiri kosov\u00eb Mal i Zi,Historia Shqiptare ,Shperngulja sanxhaku i Nishit Toplica, Zahide Marije UKAJ-Mal\u00ebsorja Medvegjase,1 Maji,Bashkim SADIKU, Bashkimin Komb\u00ebtar,internet,rrjetet socjale, LSH n\u00eb Gjermani me 01.05.2015,Promovim librash n\u00eb M\u00ebrgat\u00ebs Shqiptare, Poezia e javes, Fshati me roje,xhandarmeri,Lufta e pare botrore,Beteja e \u00c7anakalas\u00eb 1915-1916,Tupall\u00eb, Tupalla,Sfirca, Kapia, Kufiri,Kumanova,pushke e vjeter , 14 vjetorit t\u00eb luft\u00ebs \u00e7lirimtare n\u00eb Kosov\u00ebn Lindore \/ OVL e U\u00c7PMB-s\u00eb , Medvegj\u00eb - Pas spastrimit etnik t\u00eb shqiptar\u00ebve - vazhduan edhe prerjet e maleve me p\u00ebrkrahjen e shtetit ,mbi 1000 hektar, Maqedonis\u00eb po i rr\u00ebshqasin themelet mbi tokat shqiptare, Terrorizmi sllavo-maqedonas mposhtet vet\u00ebm me konfederat\u00eb ose shk\u00ebputje, Marr\u00ebveshja e Ohrit ka vdekur, Koco Danaj,Kryetar, Lista p\u00ebr Shqip\u00ebri natyrale,do t\u00eb lulezoj Kumanova, Masakra e Dubrav\u00ebs m\u00eb e tmerrshmja nga Lufta e Dyt\u00eb Bot\u00ebrore,Mbahu Loke,operacioni shigjeta, kolonel Ruzhdi SARAMATI, memorial brigada 128 e U\u00e7k-s\u00eb,Gostrozhup t\u00eb Hasit, M\u00cb MIR\u00cb I VRAR\u00cb E N\u00cb GUR\u00cb LAPIDARI SE SA I VDEKUR P\u00cbR S\u00cb GJALLI!Ismet Asllani-Prapashtica, Ilir Meta ,Aleksander Vucic,Ballist Morina,Biografia Shaban Abazi Bac u kry, ATJE I KEMI VARRET E T\u00cb PAR\u00cbVE, FTES\u00cb ,Partia Demokratike Dega n\u00eb Medvegj\u00eb\" width=\"572\" height=\"572\" class=\"aligncenter size-full wp-image-3407\" srcset=\"http:\/\/tupalla.com\/wp\/wp-content\/uploads\/2015\/05\/logo-001_pixiz1.png 572w, http:\/\/tupalla.com\/wp\/wp-content\/uploads\/2015\/05\/logo-001_pixiz1-150x150.png 150w, http:\/\/tupalla.com\/wp\/wp-content\/uploads\/2015\/05\/logo-001_pixiz1-300x300.png 300w\" sizes=\"(max-width: 572px) 100vw, 572px\" \/><\/a><\/p>\n","protected":false},"excerpt":{"rendered":"<p>Jonuz Musliu, do t\u2019i mungon sken\u00ebs politike n\u00eb Lugin\u00eb t\u00eb Preshev\u00ebs T\u00eb ngritesh n\u00eb nj\u00eb luft\u00eb t\u00eb armatosur p\u00ebr t\u00eb mbrojtur pragun nga padrejt\u00ebsit dhe diskriminimi n\u00eb nj\u00eb krahin\u00eb q\u00eb p\u00ebrfshin tri komuna \u00ebsht\u00eb dashur mundi,sakrific\u00eb, p\u00ebrkushtim e t\u00eb sfidohesh n\u00eb \u00e7do moment.N\u00eb fillim t\u00eb viteve 90-ta mbajtja e Refendumit t\u00eb k\u00ebsaj krahine.Pjes\u00ebmarrja aktive n\u00eb &hellip; <a href=\"http:\/\/tupalla.com\/wp\/jonuz-musliu\/\" class=\"more-link\">Continuer la lecture de <span class=\"screen-reader-text\">Jonuz MUSLIU<\/span> <span class=\"meta-nav\">&rarr;<\/span><\/a><\/p>\n","protected":false},"author":1,"featured_media":0,"comment_status":"closed","ping_status":"open","sticky":false,"template":"","format":"standard","meta":[],"categories":[62,58,61],"tags":[],"_links":{"self":[{"href":"http:\/\/tupalla.com\/wp\/wp-json\/wp\/v2\/posts\/7446"}],"collection":[{"href":"http:\/\/tupalla.com\/wp\/wp-json\/wp\/v2\/posts"}],"about":[{"href":"http:\/\/tupalla.com\/wp\/wp-json\/wp\/v2\/types\/post"}],"author":[{"embeddable":true,"href":"http:\/\/tupalla.com\/wp\/wp-json\/wp\/v2\/users\/1"}],"replies":[{"embeddable":true,"href":"http:\/\/tupalla.com\/wp\/wp-json\/wp\/v2\/comments?post=7446"}],"version-history":[{"count":3,"href":"http:\/\/tupalla.com\/wp\/wp-json\/wp\/v2\/posts\/7446\/revisions"}],"predecessor-version":[{"id":7448,"href":"http:\/\/tupalla.com\/wp\/wp-json\/wp\/v2\/posts\/7446\/revisions\/7448"}],"wp:attachment":[{"href":"http:\/\/tupalla.com\/wp\/wp-json\/wp\/v2\/media?parent=7446"}],"wp:term":[{"taxonomy":"category","embeddable":true,"href":"http:\/\/tupalla.com\/wp\/wp-json\/wp\/v2\/categories?post=7446"},{"taxonomy":"post_tag","embeddable":true,"href":"http:\/\/tupalla.com\/wp\/wp-json\/wp\/v2\/tags?post=7446"}],"curies":[{"name":"wp","href":"https:\/\/api.w.org\/{rel}","templated":true}]}}