{"id":7386,"date":"2017-12-30T00:59:15","date_gmt":"2017-12-29T23:59:15","guid":{"rendered":"http:\/\/tupalla.com\/wp\/?p=7386"},"modified":"2018-02-16T23:07:33","modified_gmt":"2018-02-16T22:07:33","slug":"poezia-e-vitit-2017","status":"publish","type":"post","link":"http:\/\/tupalla.com\/wp\/poezia-e-vitit-2017\/","title":{"rendered":"Poezia e vitit 2017"},"content":{"rendered":"<p><img loading=\"lazy\" src=\"http:\/\/tupalla.com\/wp\/wp-content\/uploads\/2017\/12\/Poezia-e-vitit-20117-fb.png\" alt=\"\" width=\"479\" height=\"258\" class=\"alignnone size-full wp-image-7387\" srcset=\"http:\/\/tupalla.com\/wp\/wp-content\/uploads\/2017\/12\/Poezia-e-vitit-20117-fb.png 479w, http:\/\/tupalla.com\/wp\/wp-content\/uploads\/2017\/12\/Poezia-e-vitit-20117-fb-300x162.png 300w\" sizes=\"(max-width: 479px) 100vw, 479px\" \/><\/p>\n<p><strong>MALLI E DHIMBJA KURR\u00cb S\u2019KA ME U SHU<\/p>\n<p>Qaj Medvegja ime<br \/>\nqaj e mos u ndal\u00eb,<br \/>\nah akoma ty e mira ime<br \/>\npo t\u00eb hapet ai varr!<\/p>\n<p>As p\u00ebr s\u00eb vdekuri<br \/>\nf\u00ebmij\u00ebt nuk t\u2019i l\u00ebn\u00eb t\u00eb qet\u00eb,<br \/>\nedhe ata pak t\u00eb gjall\u00eb t\u00eb mbetur<br \/>\ns\u00ebrish jan\u00eb duke t\u2019i ndjek\u00eb!<\/p>\n<p>Qaj Medvegj\u00eb p\u00ebr Moll\u00ebn e kuqe<br \/>\nqe rr\u00ebnj\u00ebt jan duke ju thar\u00eb,<br \/>\nse deg\u00ebt e saj gjithandej<br \/>\nn\u00ebp\u00ebr bot\u00eb jan\u00eb shp\u00ebrndar\u00eb.<\/p>\n<p>Qaj Medvegja ime<br \/>\nvajin mos e ndal\u00eb,<br \/>\ne loti yt u b\u00ebft\u00eb mallkim<br \/>\np\u00ebr ata qe dhimbjen t\u00ebnde s\u2019po e ndiejn\u00eb.<\/p>\n<p>E bashk\u00eb me ty po qajn\u00eb<br \/>\nt\u00eb gjith\u00eb f\u00ebmij\u00ebt e tu,<br \/>\nse malli e dhimbja p\u00ebr ty<br \/>\nkurr\u00eb s\u2019ka me u shu!<\/strong><\/p>\n<p>\u00a9Maki Maqedonci \u2013 Canolli<\/p>\n<p><strong>NGRITE ZANIN NAN\u00cb SHQIPNI<\/p>\n<p>Th&rsquo;rret \u00c7am\u00ebria me lot n&rsquo;sy<br \/>\noh ku je moj nan\u00eb Shqipni?<br \/>\nM\u00eb shkoj jeta tuj prit nan\u00eb<br \/>\nkur po m&rsquo;merr\u00eb n\u00eb gjirin t\u00ebnd?<\/p>\n<p>Th&rsquo;rret Medvegja me Preshev\u00ebn<br \/>\nkur Kosov\u00eb do t&rsquo;na hapsh der\u00ebn,<br \/>\nmos na le ti si jetime<br \/>\nse mjaft h\u00ebngr\u00ebm thik pas shpine!<\/p>\n<p>Merrna merrna nan\u00eb Shqipni<br \/>\nhjeki ti kufijt e zi,<br \/>\nmerrna nan\u00eb p\u00ebr jet\u00eb te votra<br \/>\nse ma mir\u00eb do t&rsquo;na njeh bota!<\/p>\n<p>llirida th&rsquo;rret\u00eb Gucin<br \/>\nmerri Plav\u00eb edhe Ulqin,<br \/>\nhajdi sbashku mori motra<br \/>\nse n\u00eb sof\u00ebr na th&rsquo;rret votra.<\/p>\n<p>Ngrite zanin nan\u00eb Shqipni<br \/>\nme i rrafshu t\u00eb zijt kufi,<br \/>\nka ardh koha me u bashkue<br \/>\nlot e gjak me i ndalue.<\/p>\n<p>Merrna merrna nan\u00eb Shqipni<br \/>\nhjeki ti kufijt e zi,<br \/>\nmerrna nan\u00eb p\u00ebr jet\u00eb te votra<br \/>\nse ma mir\u00eb do t&rsquo;na njeh bota!<\/strong><\/p>\n<p>\u00a9Maki M Canolli<\/p>\n<p><strong>PER\u00cbNDIA IME E KA VET\u00cbM NJ\u00cb EM\u00cbR<\/p>\n<p>Tek ti e kam gjith\u00eb dashurin\u00eb<br \/>\np\u00ebr ty e thurri un\u00eb poezin\u00eb,<br \/>\ntek ti un\u00eb e gjej\u00eb frym\u00ebzimin<br \/>\ntek ti e ndiej gjith\u00eb g\u00ebzimin.<\/p>\n<p>P\u00ebr ty flijohem n\u00ebse do t\u00eb duhet<br \/>\np\u00ebr ty tretem edhe b\u00ebhem pluhur,<br \/>\nty t\u00eb falemnderoj sa t\u00eb jem\u00eb gjall\u00eb<br \/>\nq\u00eb m\u00eb dhe emrin t\u00eb quhem shqip\u00ebtar\u00eb!<\/p>\n<p>P\u00ebr ty bie n\u00eb gjunj\u00eb dhe ta puthi tok\u00ebn<br \/>\np\u00ebr ty jam n\u00eb gjendj\u00eb edhe ta jap kok\u00ebn,<br \/>\nty t\u00eb falem me mish\u00eb e shpirt\u00eb<br \/>\np\u00ebr ty lutem nat\u00eb e dit\u00eb.<\/p>\n<p>P\u00ebr ty do t\u00eb jem\u00eb gjith\u00eb jet\u00ebn f\u00ebmi<br \/>\nje dielli im q\u00eb gjithmon\u00eb b\u00ebn\u00eb drit\u00eb,<br \/>\np\u00ebr mua ti je vet\u00eb Per\u00ebndia<br \/>\ne shtrenjta ime &#8211; N\u00ebn\u00eb Shqip\u00ebria!<\/strong><\/p>\n<p>Autore e tekstit \u00a9 Maki M Canolli- K\u00ebndon Shaqir CERVADIKU<\/p>\n<!--[if lt IE 9]><script>document.createElement('audio');<\/script><![endif]-->\n\t<div class=\"wp-playlist wp-audio-playlist wp-playlist-light\">\n\t\t\t<div class=\"wp-playlist-current-item\"><\/div>\n\t\t<audio controls=\"controls\" preload=\"none\" width=\"452\"\n\t\t\t><\/audio>\n\t<div class=\"wp-playlist-next\"><\/div>\n\t<div class=\"wp-playlist-prev\"><\/div>\n\t<noscript>\n\t<ol>\n\t\t<li><a href='http:\/\/tupalla.com\/wp\/wp-content\/uploads\/2017\/09\/Shaqir-C\u00ebrvadiku-Shaqa-Amaneti-i-Muhaxher\u00ebve.mp3'>Shaqir C\u00ebrvadiku - Shaqa Amaneti i Muhaxher\u00ebve<\/a><\/li>\t<\/ol>\n\t<\/noscript>\n\t<script type=\"application\/json\" class=\"wp-playlist-script\">{\"type\":\"audio\",\"tracklist\":false,\"tracknumbers\":true,\"images\":false,\"artists\":true,\"tracks\":[{\"src\":\"http:\\\/\\\/tupalla.com\\\/wp\\\/wp-content\\\/uploads\\\/2017\\\/09\\\/Shaqir-C\\u00ebrvadiku-Shaqa-Amaneti-i-Muhaxher\\u00ebve.mp3\",\"type\":\"audio\\\/mpeg\",\"title\":\"Shaqir C\\u00ebrvadiku - Shaqa Amaneti i Muhaxher\\u00ebve\",\"caption\":\"\",\"description\":\"<i>Shaqir C\\u00ebrvadiku - Shaqa Amaneti i Muhaxher\\u00ebve<\\\/i>.\",\"meta\":{\"length_formatted\":\"4:53\"},\"image\":{\"src\":\"http:\\\/\\\/tupalla.com\\\/wp\\\/wp-includes\\\/images\\\/media\\\/audio.png\",\"width\":48,\"height\":64},\"thumb\":{\"src\":\"http:\\\/\\\/tupalla.com\\\/wp\\\/wp-includes\\\/images\\\/media\\\/audio.png\",\"width\":48,\"height\":64}}]}<\/script>\n<\/div>\n\t\n<p>Na <strong>ndiqni<\/strong> n\u00eb <span style=\"color: #0000ff;\"><strong><a style=\"color: #0000ff;\" href=\"https:\/\/www.facebook.com\/medvegja.redaksia\" target=\"_blank\">Facebook\u00a0<\/a><\/strong><\/span><\/p>\n<p>B\u00ebhuni <strong>fans<\/strong> t\u00eb\u00a0<span style=\"color: #008000;\"><strong>\u00a0<span style=\"color: #333399;\"><a style=\"color: #333399;\" href=\"https:\/\/www.facebook.com\/medvegja.redaksia\" target=\"_blank\">REDAKSIS\u00cb Medvegja<\/a>\u00a0<\/span><\/strong><\/span><br \/>\n<a href=\"http:\/\/www.facebook.com\/medvegja.redaksia\" rel=\"noopener\" target=\"_blank\"><img loading=\"lazy\" src=\"http:\/\/tupalla.com\/wp\/wp-content\/uploads\/2015\/05\/logo-001_pixiz1.png\" alt=\"Asllan Dibrani,ibrahim egriu,Shaban Abazi, Maki,Makfire CANOLLI,kosova lindore , Lugina e presheves, zenel Hajdini, florim rushiti,adem Jashari,Brahim Salihu CURRI ,xhim xhema,Ramadan Xhema,Poezi,hijet q\u00eb teatronin,armiku ,kosova ,medvegja ,presheva ,shqiperia etnike,U\u00e7K,U\u00e7pmb,ilirida,adem jashari,sk\u00ebnder beu, n\u00ebn tereza,Medvegja Redaksia, tupalla.com,sanxhaku i nishit,kultur ,sport,politik\u00eb, luft\u00eb,paqe,pajtim, korrupcion , gjygje,shkoll\u00eb,arsim,profesion,shkenc\u00eb,art,parlament,avokat,presidentja,Pacolli,femi Beha,PD medvegje, PVD Medvegj\u00eb. Kosova Lindore, Ligina e presheves,riza Halimit,Sadri Ramabaja,Rrapi i jet\u00ebs sime, Gallap-Gollaku, Zahide Marije Ukaj-Mal\u00ebsorja medvegjase,Smail Morina-Ballisti ,ortodokset shqipetar Maqedoni,Beogradi,sport boks ,Agim Tahiraj ,Aziz salihu, Samir Salihu,Tupalla.shpernhulja e shqipetarve 1999,poezia e jav\u00ebs,Ali Hajdini,Sanxhaku i Nishit,Filmi , Kosov\u00eb, shqiponj\u00eb e rob\u00ebruar,Jusuf G\u00ebrvalla, Sofra Medvegjase,Shqiptare,shoqata Medvegja,Din EGRIU Atentat,Ali Laj\u00e7i, Kufiri kosov\u00eb Mal i Zi,Historia Shqiptare ,Shperngulja sanxhaku i Nishit Toplica, Zahide Marije UKAJ-Mal\u00ebsorja Medvegjase,1 Maji,Bashkim SADIKU, Bashkimin Komb\u00ebtar,internet,rrjetet socjale, LSH n\u00eb Gjermani me 01.05.2015,Promovim librash n\u00eb M\u00ebrgat\u00ebs Shqiptare, Poezia e javes, Fshati me roje,xhandarmeri,Lufta e pare botrore,Beteja e \u00c7anakalas\u00eb 1915-1916,Tupall\u00eb, Tupalla,Sfirca, Kapia, Kufiri,Kumanova,pushke e vjeter , 14 vjetorit t\u00eb luft\u00ebs \u00e7lirimtare n\u00eb Kosov\u00ebn Lindore \/ OVL e U\u00c7PMB-s\u00eb , Medvegj\u00eb - Pas spastrimit etnik t\u00eb shqiptar\u00ebve - vazhduan edhe prerjet e maleve me p\u00ebrkrahjen e shtetit ,mbi 1000 hektar, Maqedonis\u00eb po i rr\u00ebshqasin themelet mbi tokat shqiptare, Terrorizmi sllavo-maqedonas mposhtet vet\u00ebm me konfederat\u00eb ose shk\u00ebputje, Marr\u00ebveshja e Ohrit ka vdekur, Koco Danaj,Kryetar, Lista p\u00ebr Shqip\u00ebri natyrale,do t\u00eb lulezoj Kumanova, Masakra e Dubrav\u00ebs m\u00eb e tmerrshmja nga Lufta e Dyt\u00eb Bot\u00ebrore,Mbahu Loke,operacioni shigjeta, kolonel Ruzhdi SARAMATI, memorial brigada 128 e U\u00e7k-s\u00eb,Gostrozhup t\u00eb Hasit, M\u00cb MIR\u00cb I VRAR\u00cb E N\u00cb GUR\u00cb LAPIDARI SE SA I VDEKUR P\u00cbR S\u00cb GJALLI!Ismet Asllani-Prapashtica, Ilir Meta ,Aleksander Vucic,Ballist Morina,Biografia Shaban Abazi Bac u kry, ATJE I KEMI VARRET E T\u00cb PAR\u00cbVE, FTES\u00cb ,Partia Demokratike Dega n\u00eb Medvegj\u00eb\" width=\"572\" height=\"572\" class=\"aligncenter size-full wp-image-3407\" srcset=\"http:\/\/tupalla.com\/wp\/wp-content\/uploads\/2015\/05\/logo-001_pixiz1.png 572w, http:\/\/tupalla.com\/wp\/wp-content\/uploads\/2015\/05\/logo-001_pixiz1-150x150.png 150w, http:\/\/tupalla.com\/wp\/wp-content\/uploads\/2015\/05\/logo-001_pixiz1-300x300.png 300w\" sizes=\"(max-width: 572px) 100vw, 572px\" \/><\/a><\/p>\n","protected":false},"excerpt":{"rendered":"<p>MALLI E DHIMBJA KURR\u00cb S\u2019KA ME U SHU Qaj Medvegja ime qaj e mos u ndal\u00eb, ah akoma ty e mira ime po t\u00eb hapet ai varr! As p\u00ebr s\u00eb vdekuri f\u00ebmij\u00ebt nuk t\u2019i l\u00ebn\u00eb t\u00eb qet\u00eb, edhe ata pak t\u00eb gjall\u00eb t\u00eb mbetur s\u00ebrish jan\u00eb duke t\u2019i ndjek\u00eb! Qaj Medvegj\u00eb p\u00ebr Moll\u00ebn e kuqe &hellip; <a href=\"http:\/\/tupalla.com\/wp\/poezia-e-vitit-2017\/\" class=\"more-link\">Continuer la lecture de <span class=\"screen-reader-text\">Poezia e vitit 2017<\/span> <span class=\"meta-nav\">&rarr;<\/span><\/a><\/p>\n","protected":false},"author":1,"featured_media":0,"comment_status":"open","ping_status":"open","sticky":false,"template":"","format":"standard","meta":[],"categories":[64,68],"tags":[],"_links":{"self":[{"href":"http:\/\/tupalla.com\/wp\/wp-json\/wp\/v2\/posts\/7386"}],"collection":[{"href":"http:\/\/tupalla.com\/wp\/wp-json\/wp\/v2\/posts"}],"about":[{"href":"http:\/\/tupalla.com\/wp\/wp-json\/wp\/v2\/types\/post"}],"author":[{"embeddable":true,"href":"http:\/\/tupalla.com\/wp\/wp-json\/wp\/v2\/users\/1"}],"replies":[{"embeddable":true,"href":"http:\/\/tupalla.com\/wp\/wp-json\/wp\/v2\/comments?post=7386"}],"version-history":[{"count":6,"href":"http:\/\/tupalla.com\/wp\/wp-json\/wp\/v2\/posts\/7386\/revisions"}],"predecessor-version":[{"id":7393,"href":"http:\/\/tupalla.com\/wp\/wp-json\/wp\/v2\/posts\/7386\/revisions\/7393"}],"wp:attachment":[{"href":"http:\/\/tupalla.com\/wp\/wp-json\/wp\/v2\/media?parent=7386"}],"wp:term":[{"taxonomy":"category","embeddable":true,"href":"http:\/\/tupalla.com\/wp\/wp-json\/wp\/v2\/categories?post=7386"},{"taxonomy":"post_tag","embeddable":true,"href":"http:\/\/tupalla.com\/wp\/wp-json\/wp\/v2\/tags?post=7386"}],"curies":[{"name":"wp","href":"https:\/\/api.w.org\/{rel}","templated":true}]}}