{"id":7000,"date":"2017-10-08T15:12:16","date_gmt":"2017-10-08T14:12:16","guid":{"rendered":"http:\/\/tupalla.com\/wp\/?p=7000"},"modified":"2017-10-25T14:07:32","modified_gmt":"2017-10-25T13:07:32","slug":"qeveria-rama-ii-presheva-shkupi-ulqini-diaspora","status":"publish","type":"post","link":"http:\/\/tupalla.com\/wp\/qeveria-rama-ii-presheva-shkupi-ulqini-diaspora\/","title":{"rendered":"Qeveria RAMA II-Presheva-Shkupi-Ulqini-Diaspora"},"content":{"rendered":"<p><img loading=\"lazy\" src=\"http:\/\/tupalla.com\/wp\/wp-content\/uploads\/2017\/10\/Rama-2-fb.png\" alt=\"\" width=\"468\" height=\"260\" class=\"aligncenter size-full wp-image-7001\" srcset=\"http:\/\/tupalla.com\/wp\/wp-content\/uploads\/2017\/10\/Rama-2-fb.png 468w, http:\/\/tupalla.com\/wp\/wp-content\/uploads\/2017\/10\/Rama-2-fb-300x167.png 300w\" sizes=\"(max-width: 468px) 100vw, 468px\" \/><\/p>\n<p><em><strong>Parlamenti shqiptar\u00eb do t\u00eb duhej dallojn  n\u00eb mes\u00eb t\u00eb diaspor\u00ebs dhe  hapsir\u00ebs etnike shqiptare<\/strong><\/em><\/p>\n<p>Dje, Qeveria Rama II,em\u00ebroi edhe  tre z\u00ebvend\u00ebs ministra nga Republika e Kosov\u00ebs, nj\u00eb njoftim  q\u00eb ishte m\u00eb her\u00ebt q\u00eb do t\u00eb ket\u00eb edhe dikaster\u00eb q\u00eb do t\u00eb udh\u00ebhiqet nga personalitete nga Kosova.Ajo q\u00eb m\u00eb shtyri t\u00eb shkruaj k\u00ebt\u00eb shkrim autorial \u00ebsht\u00eb nj\u00eb reagim sado i vog\u00ebl publik lidhur me k\u00ebt\u00eb vendim t\u00eb qeveris\u00eb Shqiptare nj\u00ebherit Kryetarin e PS z.Edi Rama. P\u00ebrfaq\u00ebsimi n\u00eb qeveri me tre z\u00ebvend\u00ebsministra, nuk di si mund\u00eb t\u00eb quhet \u00e7far\u00eb p\u00ebrfaq\u00ebsimi pasi Republika e Kosov\u00ebs \u00ebsht\u00eb shtet, dhe ky p\u00ebrfaq\u00ebsim \u00ebsht\u00eb dashur t\u00eb ndodh\u00eb n\u00eb kohrat e kaluara e jo n\u00eb k\u00ebto proceset e 1990-ta, jo ve\u00e7mas nga vitet 1999.  Dy President\u00ebt, dy Kryeminstrat,dy Kryeparlamentar\u00ebt dhe Qeverit e Parlamentet do t\u00eb duhej t\u00eb ken\u00eb takime t\u00eb rregullta gjasht\u00eb mujore me pika,projekte e programe t\u00eb p\u00ebrbashkta jo vet\u00ebm p\u00ebr k\u00ebto dy  shtete por edhe p\u00ebr Krahinat e hapsirat tjera etnike jashta k\u00ebtyre dy shtetve pa harruar edhe diaspor\u00ebn n\u00eb Amerik\u00eb, Turqi  e Evop\u00eb. Prandaj em\u00ebrimi i tre z\u00ebvend\u00ebsministra nga Republika e Kosov\u00ebs nuk di si t\u00eb kuptohet.<br \/>\nPo ashtu edhe ndonj\u00eb personalitetet nga Maqedonia q\u00eb nuk \u00ebsht\u00eb em\u00ebruar askush n\u00eb Ekzekutivin  Shqiptar\u00eb, n\u00eb aspektin e p\u00ebrgjithsh\u00ebm nuk di sa ka kuptim. T\u00eb gjith\u00eb jemi q\u00eb shqiptar\u00ebt jan faktikisht vet\u00ebm t\u00eb mb\u00ebshtet\u00ebn t\u00eb jen edhe juridikisht dhe nd\u00ebrkomb\u00ebtarisht element e bashk\u00ebthmelues t\u00eb shtetit t\u00eb Maqedonis\u00eb sa edhe Maqedon\u00ebt.<br \/>\nPos, k\u00ebtyre q\u00eb jan shqiptar\u00ebt prioritet mbi prioritete p\u00ebr p\u00ebrfaqsim do t\u00eb duhej t\u00eb jen Krahina e \u00c7am\u00ebris\u00eb  dhe vendbanimet tjera t\u00eb Greqis\u00eb,q\u00eb shteti shqiptar\u00eb ka obligim kushtetues, moral, instutucional e \u00e7ka jo tjet\u00ebr t\u00eb p\u00ebrfaq\u00ebsohen n\u00eb t\u00eb gjitha segmentet e p\u00ebrfaq\u00ebsimet shqiptare, pra jo vet\u00ebm n\u00eb Qeveri, Komisione Parlamentare e Parlament por edhe n\u00eb p\u00ebrfaq\u00ebsi konzullare dhe diplomatike t\u00eb Shqip\u00ebris\u00eb n\u00ebp\u00ebr\u00eb shtete,instanca t\u00eb BE-s\u00eb dhe OKB.<br \/>\nP\u00ebrfaq\u00ebsimet ka nevoj Krahina shqiptare q\u00eb p\u00ebrfshin Medvegj\u00eb, Bujanoc e Preshev\u00eb,p\u00ebr shkak t\u00eb diskriminimit t\u00eb vazhduesh\u00ebm dhe q\u00eb shqiptar\u00ebt q\u00eb nga vitet e 90-ta.<br \/>\nP\u00ebrfaq\u00ebsimet ka nevoj hapsira dhe vendbanime  t\u00eb  Malit t\u00eb  Zi,ka filluar zbrazja, mungesa e kushteve dhe nj\u00eb s\u00ebr \u00e7\u00ebshtjesh q\u00eb  do t\u00eb duhej t\u00eb p\u00ebrfaq\u00ebsohen n\u00eb qeveri dhe Paralement t\u00eb Shqip\u00ebris\u00eb.<br \/>\nP\u00ebrfaq\u00ebsime ka nevoj nga diaspora e Amerik\u00ebs, Turqis\u00eb e Evrop\u00ebs  se vet\u00ebm k\u00ebto jan dhe mund\u00eb t\u00eb trajtohen si diaspor.Diaspor\u00eb, nuk do t\u00eb mund\u00eb t\u00eb trajtohen shqiptar\u00ebt n\u00eb  Maqedoni,Krahina e \u00c7am\u00ebris\u00eb  dhe vendbanimet tjera t\u00eb Greqis\u00eb,Krahina shqiptare q\u00eb p\u00ebrfshin Medvegj\u00eb, Bujanoc e Preshev\u00eb dhe hapsira dhe vendbanime  t\u00eb  Malit t\u00eb  Zi. K\u00ebshtu jo vet\u00ebm nj\u00eb Ministri, apo z\u00ebvend\u00ebs ministra por edhe nj\u00eb komision mikst t\u00eb p\u00ebrb\u00ebr nga Parlamenti i Kosov\u00ebs dhe Parlamentit i Shqip\u00ebris\u00eb p\u00ebr \u00e7\u00ebshtje q\u00eb p\u00ebrballen e ballafaqohen p\u00ebr \u00e7do dit\u00eb k\u00ebta qytetar t\u00eb k\u00ebtyre hapsirave tona etnike.<br \/>\nEdhe n\u00eb disa shkrime e kemi ngrit q\u00eb n\u00eb Qeveri dhe Parlament t\u00eb Shqip\u00ebris\u00eb,do t\u00eb duhej t\u00eb jen p\u00ebrfaq\u00ebsime edhe me ligj t\u00eb rregullohen dhe t\u00eb ndahen ul\u00ebse p\u00ebr Parlament. K\u00ebshtu t\u00eb emrohen personalitete nga Republika e Kosov\u00ebs  tre z\u00ebvend\u00ebsministra  e t\u00eb mbet\u00ebn pa u p\u00ebrfaq\u00ebsuar ato q\u00eb kan nevoj m\u00eb s\u00eb shumti \u00ebsht\u00eb jo fort\u00eb e menduar n\u00eb periudha q\u00eb po kalojm si komb dhe hapsira tona etnike shqiptare. Edhe Ministria e diaspor\u00ebs \u00ebsht\u00eb dashur t\u00eb jet\u00eb n\u00eb em\u00ebrtim dhe p\u00ebrmbajtje n\u00eb dhe p\u00ebr \u00e7\u00ebshtje shqiptare.   <\/p>\n<p>Shkruan: Refik HASANI  08.10.2017 nihuni me <a href=\"http:\/\/tupalla.com\/wp\/mr-sc-refik-hasani-njohes-iniciator-i-shume-ceshtjeve-per-luginen\" rel=\"noopener\" target=\"_blank\"><strong>BIOGRAFIN e Autorit<\/strong><\/a><\/p>\n<p><img loading=\"lazy\" src=\"http:\/\/tupalla.com\/wp\/wp-content\/uploads\/2017\/07\/Poezia-Model-f_fb.png\" alt=\"\" width=\"701\" height=\"150\" class=\"aligncenter size-full wp-image-6860\" srcset=\"http:\/\/tupalla.com\/wp\/wp-content\/uploads\/2017\/07\/Poezia-Model-f_fb.png 701w, http:\/\/tupalla.com\/wp\/wp-content\/uploads\/2017\/07\/Poezia-Model-f_fb-300x64.png 300w\" sizes=\"(max-width: 701px) 100vw, 701px\" \/><br \/>\n<strong>KOSOV\u00cbS LINDORE<\/strong><br \/>\n  ( Trojeve shqiptare)<\/p>\n<p><strong>Ah e mjer\u00eb Kosove  Lindore,<br \/>\nPse na mbeti k\u00ebshtu pas dore !<br \/>\nA nuk munde me l\u00ebviz,<br \/>\nApo ruajte der\u00ebn e sht\u00ebpis\u00eb ?<\/p>\n<p>S`kam ku t`shkoj un\u00eb e mjera.<br \/>\nJam k\u00ebtu n\u00eb troje t`vjetra.<br \/>\nK\u00ebtu na la N\u00ebn\u00eb Shqip\u00ebria.<br \/>\nQ\u00eb nga Pellazg\u00ebt e Dardania.<\/p>\n<p>Nuk kem frik\u00eb nga armiku,<br \/>\nT\u00eb marrim rrug\u00ebn e t\u00eb ikim.<br \/>\nDo q\u00ebndrojm\u00eb k\u00ebtu prore.<br \/>\nN\u00eb k\u00ebto toka t`Kosov\u00ebs Lindore.<\/p>\n<p>Jem tri motra kem lidh\u00eb bes\u00eb.<br \/>\nBujanovc,Preshev\u00eb dhe Medvegj\u00eb.<br \/>\nNuk l\u00ebvizim ne nga trojet.<br \/>\nK\u00ebshtu e jemi ne mal\u00ebsoret.<\/p>\n<p>N\u00eb k\u00ebt\u00eb tok\u00eb t\u00eb Dardanis\u00eb,<br \/>\nShqiptar\u00ebt jan\u00eb zot i sht\u00ebpis\u00eb.<br \/>\nLufta ne nuk na trembi.<br \/>\nBesnik i mbet\u00ebm  k\u00ebtij vendi.<\/p>\n<p>Kemi rr\u00ebnj\u00eb t\u00eb thell\u00eb Dardani.<br \/>\nK\u00ebtu lind\u00eb vet\u00ebm djal\u00eb shqiptari.<br \/>\nMotrat shqipe n\u00eb k\u00ebto troje.<br \/>\nLindin me zem\u00ebr t\u00eb fort\u00eb mal\u00ebsore.<\/p>\n<p>V\u00eblla e mot\u00ebr kur b\u00ebhen bashk\u00eb.<br \/>\nS`ka armik q\u00eb mund ti vras.<br \/>\nNga Medvegja motra MEDIT\u00cb.<br \/>\nKa fillua ti hek\u00eb kufijt\u00eb. <\/p>\n<p>Motra tjet\u00ebr n\u00eb Bujanovc,<br \/>\n\u00cbsht\u00eb betua n\u00eb buk\u00eb e n`zot.<br \/>\nNuk do i l\u00ebshoi tokat dardane.<br \/>\nK\u00ebtu me  lindi n\u00ebna shqiptare.<\/p>\n<p>Nga Medita n\u00eb Preshev\u00eb.<br \/>\nJemi tri motra q\u00eb kem lidh\u00eb Bes\u00eb.<br \/>\nNuk ka kush t`na l\u00ebviz\u00eb.<br \/>\nNga k\u00ebto toka t\u00eb Dardanis\u00eb.<\/p>\n<p>Do luftojm\u00eb me pushk\u00eb e laps .<br \/>\nQ\u00eb tri motrat t\u00eb jemi bashk\u00eb.<br \/>\nKem dhe motr\u00ebn e vjet\u00ebr QAM\u00cb.<br \/>\nAt\u00eb vet\u00ebm nuk e l\u00ebm\u00eb.<\/p>\n<p>Kemi motr\u00ebn nga Mal\u00ebsia.<br \/>\nAtje lart tek Plava e Gucia.<br \/>\nSi shqiponj\u00eb ajo v\u00ebshtron.<br \/>\nMotrat tjera nuk i harron.<\/p>\n<p>Kur t`bashkohemi t\u00eb gjitha bashk\u00eb.<br \/>\nMe nj\u00eb gjuh\u00eb t\u00eb bisedojm\u00eb.<br \/>\nShqip\u00ebrin\u00eb e Madhe ta formojm\u00eb.<br \/>\nShkup,Prishtin\u00eb dhe Tiran\u00eb.<br \/>\nJem t\u00eb lindur nga nj\u00eb N\u00cbN\u00cb. <\/strong><\/p>\n<p><strong>\u00a0 Shaban Abazi \u00a0<\/strong>08.05.2015 nihuni me <a href=\"http:\/\/tupalla.com\/wp\/biografia-shaban-abazi-njeriu-i-sfidave-dhe-i-angazhimeve\/\" rel=\"noopener\" target=\"_blank\"><strong>BIOGRAFIN e Autorit<\/strong><\/a><\/p>\n<!--[if lt IE 9]><script>document.createElement('audio');<\/script><![endif]-->\n\t<div class=\"wp-playlist wp-audio-playlist wp-playlist-light\">\n\t\t\t<div class=\"wp-playlist-current-item\"><\/div>\n\t\t<audio controls=\"controls\" preload=\"none\" width=\"452\"\n\t\t\t><\/audio>\n\t<div class=\"wp-playlist-next\"><\/div>\n\t<div class=\"wp-playlist-prev\"><\/div>\n\t<noscript>\n\t<ol>\n\t\t<li><a href='http:\/\/tupalla.com\/wp\/wp-content\/uploads\/2016\/09\/nuk-bashkohen-trojet-pa-u-bashku-shqiptaret-4gdq-ki1ekm.mp3'>nuk-bashkohen-trojet-pa-u-bashku-shqiptaret-4gdq-ki1ekm<\/a><\/li>\t<\/ol>\n\t<\/noscript>\n\t<script type=\"application\/json\" class=\"wp-playlist-script\">{\"type\":\"audio\",\"tracklist\":false,\"tracknumbers\":true,\"images\":false,\"artists\":true,\"tracks\":[{\"src\":\"http:\\\/\\\/tupalla.com\\\/wp\\\/wp-content\\\/uploads\\\/2016\\\/09\\\/nuk-bashkohen-trojet-pa-u-bashku-shqiptaret-4gdq-ki1ekm.mp3\",\"type\":\"audio\\\/mpeg\",\"title\":\"nuk-bashkohen-trojet-pa-u-bashku-shqiptaret-4gdq-ki1ekm\",\"caption\":\"\",\"description\":\"<i>nuk-bashkohen-trojet-pa-u-bashku-shqiptaret-4gdq-ki1ekm<\\\/i>.\",\"meta\":{\"length_formatted\":\"4:14\"},\"image\":{\"src\":\"http:\\\/\\\/tupalla.com\\\/wp\\\/wp-includes\\\/images\\\/media\\\/audio.png\",\"width\":48,\"height\":64},\"thumb\":{\"src\":\"http:\\\/\\\/tupalla.com\\\/wp\\\/wp-includes\\\/images\\\/media\\\/audio.png\",\"width\":48,\"height\":64}}]}<\/script>\n<\/div>\n\t\n<p>Na <strong>ndiqni<\/strong> n\u00eb <span style=\"color: #0000ff;\"><strong><a style=\"color: #0000ff;\" href=\"https:\/\/www.facebook.com\/medvegja.redaksia\" target=\"_blank\">Facebook\u00a0<\/a><\/strong><\/span><\/p>\n<p>B\u00ebhuni <strong>fans<\/strong> t\u00eb\u00a0<span style=\"color: #008000;\"><strong>\u00a0<span style=\"color: #333399;\"><a style=\"color: #333399;\" href=\"https:\/\/www.facebook.com\/medvegja.redaksia\" target=\"_blank\">REDAKSIS\u00cb Medvegja<\/a>\u00a0<\/span><\/strong><\/span><br \/>\n<a href=\"http:\/\/www.facebook.com\/medvegja.redaksia\" rel=\"noopener\" target=\"_blank\"><img loading=\"lazy\" src=\"http:\/\/tupalla.com\/wp\/wp-content\/uploads\/2015\/05\/logo-001_pixiz1.png\" alt=\"Asllan Dibrani,ibrahim egriu,Shaban Abazi, Maki,Makfire CANOLLI,kosova lindore , Lugina e presheves, zenel Hajdini, florim rushiti,adem Jashari,Brahim Salihu CURRI ,xhim xhema,Ramadan Xhema,Poezi,hijet q\u00eb teatronin,armiku ,kosova ,medvegja ,presheva ,shqiperia etnike,U\u00e7K,U\u00e7pmb,ilirida,adem jashari,sk\u00ebnder beu, n\u00ebn tereza,Medvegja Redaksia, tupalla.com,sanxhaku i nishit,kultur ,sport,politik\u00eb, luft\u00eb,paqe,pajtim, korrupcion , gjygje,shkoll\u00eb,arsim,profesion,shkenc\u00eb,art,parlament,avokat,presidentja,Pacolli,femi Beha,PD medvegje, PVD Medvegj\u00eb. Kosova Lindore, Ligina e presheves,riza Halimit,Sadri Ramabaja,Rrapi i jet\u00ebs sime, Gallap-Gollaku, Zahide Marije Ukaj-Mal\u00ebsorja medvegjase,Smail Morina-Ballisti ,ortodokset shqipetar Maqedoni,Beogradi,sport boks ,Agim Tahiraj ,Aziz salihu, Samir Salihu,Tupalla.shpernhulja e shqipetarve 1999,poezia e jav\u00ebs,Ali Hajdini,Sanxhaku i Nishit,Filmi , Kosov\u00eb, shqiponj\u00eb e rob\u00ebruar,Jusuf G\u00ebrvalla, Sofra Medvegjase,Shqiptare,shoqata Medvegja,Din EGRIU Atentat,Ali Laj\u00e7i, Kufiri kosov\u00eb Mal i Zi,Historia Shqiptare ,Shperngulja sanxhaku i Nishit Toplica, Zahide Marije UKAJ-Mal\u00ebsorja Medvegjase,1 Maji,Bashkim SADIKU, Bashkimin Komb\u00ebtar,internet,rrjetet socjale, LSH n\u00eb Gjermani me 01.05.2015,Promovim librash n\u00eb M\u00ebrgat\u00ebs Shqiptare, Poezia e javes, Fshati me roje,xhandarmeri,Lufta e pare botrore,Beteja e \u00c7anakalas\u00eb 1915-1916,Tupall\u00eb, Tupalla,Sfirca, Kapia, Kufiri,Kumanova,pushke e vjeter , 14 vjetorit t\u00eb luft\u00ebs \u00e7lirimtare n\u00eb Kosov\u00ebn Lindore \/ OVL e U\u00c7PMB-s\u00eb , Medvegj\u00eb - Pas spastrimit etnik t\u00eb shqiptar\u00ebve - vazhduan edhe prerjet e maleve me p\u00ebrkrahjen e shtetit ,mbi 1000 hektar, Maqedonis\u00eb po i rr\u00ebshqasin themelet mbi tokat shqiptare, Terrorizmi sllavo-maqedonas mposhtet vet\u00ebm me konfederat\u00eb ose shk\u00ebputje, Marr\u00ebveshja e Ohrit ka vdekur, Koco Danaj,Kryetar, Lista p\u00ebr Shqip\u00ebri natyrale,do t\u00eb lulezoj Kumanova, Masakra e Dubrav\u00ebs m\u00eb e tmerrshmja nga Lufta e Dyt\u00eb Bot\u00ebrore,Mbahu Loke,operacioni shigjeta, kolonel Ruzhdi SARAMATI, memorial brigada 128 e U\u00e7k-s\u00eb,Gostrozhup t\u00eb Hasit, M\u00cb MIR\u00cb I VRAR\u00cb E N\u00cb GUR\u00cb LAPIDARI SE SA I VDEKUR P\u00cbR S\u00cb GJALLI!Ismet Asllani-Prapashtica, Ilir Meta ,Aleksander Vucic,Ballist Morina,Biografia Shaban Abazi Bac u kry, ATJE I KEMI VARRET E T\u00cb PAR\u00cbVE, FTES\u00cb ,Partia Demokratike Dega n\u00eb Medvegj\u00eb\" width=\"572\" height=\"572\" class=\"aligncenter size-full wp-image-3407\" srcset=\"http:\/\/tupalla.com\/wp\/wp-content\/uploads\/2015\/05\/logo-001_pixiz1.png 572w, http:\/\/tupalla.com\/wp\/wp-content\/uploads\/2015\/05\/logo-001_pixiz1-150x150.png 150w, http:\/\/tupalla.com\/wp\/wp-content\/uploads\/2015\/05\/logo-001_pixiz1-300x300.png 300w\" sizes=\"(max-width: 572px) 100vw, 572px\" \/><\/a><\/p>\n","protected":false},"excerpt":{"rendered":"<p>Parlamenti shqiptar\u00eb do t\u00eb duhej dallojn n\u00eb mes\u00eb t\u00eb diaspor\u00ebs dhe hapsir\u00ebs etnike shqiptare Dje, Qeveria Rama II,em\u00ebroi edhe tre z\u00ebvend\u00ebs ministra nga Republika e Kosov\u00ebs, nj\u00eb njoftim q\u00eb ishte m\u00eb her\u00ebt q\u00eb do t\u00eb ket\u00eb edhe dikaster\u00eb q\u00eb do t\u00eb udh\u00ebhiqet nga personalitete nga Kosova.Ajo q\u00eb m\u00eb shtyri t\u00eb shkruaj k\u00ebt\u00eb shkrim autorial \u00ebsht\u00eb &hellip; <a href=\"http:\/\/tupalla.com\/wp\/qeveria-rama-ii-presheva-shkupi-ulqini-diaspora\/\" class=\"more-link\">Continuer la lecture de <span class=\"screen-reader-text\">Qeveria RAMA II-Presheva-Shkupi-Ulqini-Diaspora<\/span> <span class=\"meta-nav\">&rarr;<\/span><\/a><\/p>\n","protected":false},"author":1,"featured_media":0,"comment_status":"closed","ping_status":"open","sticky":false,"template":"","format":"standard","meta":[],"categories":[58],"tags":[98,99],"_links":{"self":[{"href":"http:\/\/tupalla.com\/wp\/wp-json\/wp\/v2\/posts\/7000"}],"collection":[{"href":"http:\/\/tupalla.com\/wp\/wp-json\/wp\/v2\/posts"}],"about":[{"href":"http:\/\/tupalla.com\/wp\/wp-json\/wp\/v2\/types\/post"}],"author":[{"embeddable":true,"href":"http:\/\/tupalla.com\/wp\/wp-json\/wp\/v2\/users\/1"}],"replies":[{"embeddable":true,"href":"http:\/\/tupalla.com\/wp\/wp-json\/wp\/v2\/comments?post=7000"}],"version-history":[{"count":13,"href":"http:\/\/tupalla.com\/wp\/wp-json\/wp\/v2\/posts\/7000\/revisions"}],"predecessor-version":[{"id":7004,"href":"http:\/\/tupalla.com\/wp\/wp-json\/wp\/v2\/posts\/7000\/revisions\/7004"}],"wp:attachment":[{"href":"http:\/\/tupalla.com\/wp\/wp-json\/wp\/v2\/media?parent=7000"}],"wp:term":[{"taxonomy":"category","embeddable":true,"href":"http:\/\/tupalla.com\/wp\/wp-json\/wp\/v2\/categories?post=7000"},{"taxonomy":"post_tag","embeddable":true,"href":"http:\/\/tupalla.com\/wp\/wp-json\/wp\/v2\/tags?post=7000"}],"curies":[{"name":"wp","href":"https:\/\/api.w.org\/{rel}","templated":true}]}}