{"id":3533,"date":"2015-06-10T22:14:35","date_gmt":"2015-06-10T21:14:35","guid":{"rendered":"http:\/\/tupalla.com\/wp\/?p=3533"},"modified":"2015-06-11T22:23:16","modified_gmt":"2015-06-11T21:23:16","slug":"medvegje-shqipetarve-ju-largojn-perfaqesuesin-mr-sc-e-vendosin-marangoz","status":"publish","type":"post","link":"http:\/\/tupalla.com\/wp\/medvegje-shqipetarve-ju-largojn-perfaqesuesin-mr-sc-e-vendosin-marangoz\/","title":{"rendered":"Medvegj\u00eb-Shqipetarve ju largojn perfaq\u00ebsuesin Mr.Sc e vendosin Marangoz"},"content":{"rendered":"<p><img loading=\"lazy\" class=\"aligncenter  wp-image-3534\" src=\"http:\/\/tupalla.com\/wp\/wp-content\/uploads\/2015\/06\/Arben_riza-fb.png\" alt=\"Arben_riza fb\" width=\"618\" height=\"328\" srcset=\"http:\/\/tupalla.com\/wp\/wp-content\/uploads\/2015\/06\/Arben_riza-fb.png 706w, http:\/\/tupalla.com\/wp\/wp-content\/uploads\/2015\/06\/Arben_riza-fb-300x159.png 300w\" sizes=\"(max-width: 618px) 100vw, 618px\" \/><\/p>\n<p>&nbsp;<\/p>\n<p><span style=\"color: #000000;\"><strong>Vet\u00ebm nj\u00eb dit\u00eb pasi q\u00eb Qeveria e S\u00ebrbis\u00eb ka pru vendimin p\u00ebr shpartallimin e Kuvendit komunal t\u00eb Medvegj\u00ebs dhe ka emruar an\u00ebtar\u00ebt e kryesis\u00eb s\u00eb organit t\u00eb p\u00ebrkohsh\u00ebm t\u00eb komun\u00ebs, n\u00eb opinion kan\u00eb dal\u00eb informacione rreth pak\u00ebnaq\u00ebsis\u00eb s\u00eb madhe t\u00eb popullat\u00ebs shqiptare p\u00ebr shkak t\u00eb lojrave t\u00eb shumfishta t\u00eb kryetarit t\u00eb PVD-s\u00eb Riza Halimit, ku n\u00eb baz\u00eb t\u00eb k\u00ebtyre lojrave n\u00eb organin e p\u00ebrkohsh\u00ebm lokal prap \u00ebsht\u00eb emruar militanti i d\u00ebgjuesh\u00ebm i Halimit.<\/strong><\/span><\/p>\n<figure id=\"attachment_3552\" aria-describedby=\"caption-attachment-3552\" style=\"width: 427px\" class=\"wp-caption aligncenter\"><img loading=\"lazy\" class=\"wp-image-3552\" src=\"http:\/\/tupalla.com\/wp\/wp-content\/uploads\/2015\/06\/Arben_riza-f.riza-01.png\" alt=\"Arben_riza f.riza 01\" width=\"427\" height=\"230\" srcset=\"http:\/\/tupalla.com\/wp\/wp-content\/uploads\/2015\/06\/Arben_riza-f.riza-01.png 643w, http:\/\/tupalla.com\/wp\/wp-content\/uploads\/2015\/06\/Arben_riza-f.riza-01-300x161.png 300w\" sizes=\"(max-width: 427px) 100vw, 427px\" \/><figcaption id=\"caption-attachment-3552\" class=\"wp-caption-text\">Rizah Halimi-Deputet ne parlamentin e serbis<\/figcaption><\/figure>\n<p>&nbsp;<\/p>\n<p>&nbsp;<\/p>\n<p><span style=\"color: #000000;\">Sipas deklaratave t\u00eb p\u00ebrfaq\u00ebsuesve t\u00eb shqiptar\u00ebve n\u00eb komun\u00ebn e Medvegj\u00ebs, pas r\u00ebnies s\u00eb pushtetit lokal n\u00eb k\u00ebt\u00eb komun\u00eb q\u00eb ka ardhur si pasoj\u00eb e p\u00ebrcarjeve n\u00eb deg\u00ebn e PVD-s\u00eb n\u00eb Medvegj\u00eb, Halimi duke keqp\u00ebrdorur kanalet e caktuara n\u00eb Qeverin\u00eb e S\u00ebrbis\u00eb, (sipas gjitha gjasave p\u00ebrmes Trupit koordinues), ka arritur q\u00eb t\u00eb n\u00eb organin e p\u00ebrkohsh\u00ebm ta fus edhe nj\u00eb partiak t\u00eb nd\u00ebgjuesh\u00ebm, dhe n\u00eb k\u00ebt\u00eb m\u00ebnyr\u00eb ti realizoj\u00eb interesat e tij personale dhe interesat e personave rreth tij, por jo edhe interesat e popullat\u00ebs shqiptare, shkruan E-novine. Sipas deklaratave t\u00eb cilat i p\u00ebrcjedh E-novine, nga shqiptar\u00ebt e k\u00ebsaj komune, pasi q\u00eb dega e PVD-s\u00eb n\u00eb k\u00ebt\u00eb komun\u00eb e ka d\u00ebrguar propozimin e kandidatit t\u00eb vet\u00eb n\u00eb Beograd p\u00ebr organ t\u00eb p\u00ebrkohsh\u00ebm politologun e diplomuar Arben Feratin, n\u00eb t\u00ebr\u00eb k\u00ebt\u00eb tregim \u00ebsht\u00eb futur Halimi personalisht dhe n\u00ebp\u00ebrmjet lidhjeve t\u00eb tij ka b\u00ebr\u00eb q\u00eb n\u00eb vend t\u00eb Feratit t\u00eb emrohet Kadri Hiseni, vendim i cili ka qen\u00eb n\u00eb kund\u00ebrshtim me vendimin e deg\u00ebs s\u00eb PVD-s\u00eb dhe vet kryetarit t\u00eb deg\u00ebs Fehmi Beh\u00ebs. P\u00ebrfaq\u00ebsuesit e k\u00ebsaj komune i kan\u00eb th\u00ebn\u00eb E-novine se Halimi n\u00eb komun\u00ebn e Medvegj\u00ebs pas k\u00ebtij gjesti skandaloz ka mbetur pa elektorat, dhe me intervenimin e fundit t\u00eb Halimit i cili ka qen\u00eb n\u00eb kund\u00ebrshtim me vendimin e kryesis\u00eb s\u00eb deg\u00ebs, PVD n\u00eb Medvegj\u00eb, \u00ebsht\u00eb me gjys\u00ebm k\u00ebmbe mbi idhe. Personi i cili ka dashur t\u00eb mbes anonim p\u00ebr shkaqe sigurie i ka th\u00ebn\u00eb E-novine se, \u201c\u00cbsht\u00eb posht\u00ebrues fakti se Halimi edhe p\u00ebrkund\u00ebr vendimit t\u00eb koleg\u00ebve partiak n\u00eb Medvegj\u00eb, kry ne vete e ka emruar nj\u00eb person me tri shkall\u00eb t\u00eb p\u00ebrgaditjes profesionale, i cili me profesion \u00ebsht\u00eb mehanik, duke l\u00ebn\u00eb anash nj\u00eb person t\u00eb diplomuar sikur Arben Feratin, dhe k\u00ebshtu Halimi me k\u00ebt\u00eb vendim e ka ulur posht\u00eb intelektualizmin e shqiptar\u00ebve n\u00eb t\u00ebr\u00ebsi n\u00eb Lugin\u00eb t\u00eb Preshev\u00ebs\u201d I njejti person ka deklaruar se, \u201cAjo q\u00eb \u00ebsht\u00eb me e keqe, \u00ebsht\u00eb fakti se me q\u00ebndrimet e fundit \u00a0Beogradi d\u00ebshiron\u00eb q\u00eb t\u00eb vazhdoj\u00eb me p\u00ebrvoj\u00ebn e vjet\u00ebr, kur ka menduar q\u00eb k\u00ebrkesat dhe interesat e popullat\u00ebs shqiptare ti zgjidh p\u00ebrmes t\u00eb ashtuquajturve \u201cp\u00ebrfaq\u00ebsuesve lojal\u201d t\u00eb shqiptar\u00ebve, p\u00ebrpos Sejd Bajramovicit, ku t\u00eb gjith\u00ebve iu \u00ebsht\u00eb e njohur se si ka qen\u00eb fundi i asaj politike. Akoma ka mbetur e panjohur se, a ka kuptuar Riza Halimi se n\u00eb komun\u00ebn e Medvegj\u00ebs m\u00eb nuk e ka p\u00ebrkrahjen e bashkombasve t\u00eb vet, qka do t\u00eb v\u00ebrtetohet edhe gjat\u00eb zgjedhjeve t\u00eb ardhshme, t\u00eb cilat shpresojm\u00eb q\u00eb t\u00eb mbahen sa m\u00eb par\u00eb\u201d T\u00eb p\u00ebrkujtojm\u00eb se koalicioni udh\u00ebheq\u00ebs i deritanish\u00ebm n\u00eb Medvegj\u00eb pjes\u00eb e t\u00eb cilit ka qen\u00eb edhe fraksioni besnik i Riza Halimit, ka mbetur n\u00eb kujtes\u00ebn e shum\u00eb qytetar\u00ebve p\u00ebr shum\u00eb parregullsi dhe shkelje t\u00eb t\u00eb drejtave t\u00eb shqiptar\u00ebve si dhe plackitjes pafund t\u00eb popullat\u00ebs lokale dhe pasuris natyrore, n\u00eb k\u00ebt\u00eb komun\u00eb, shkruan E-novine<strong>.<\/strong><\/span><\/p>\n<p><span style=\"color: #000000;\">P.S n\u00eb vazhdim keni linkun <span style=\"color: #000000;\">e gazetes e-novine <\/span>n\u00eb gjuhen serbo-kroate<\/span><\/p>\n<p><a href=\"http:\/\/www.e-novine.com\/srbija\/vesti\/121686-Halimi-nametnuo-svog-kandidata.html\" target=\"_blank\">http:\/\/www.e-novine.com\/srbija\/vesti\/121686-Halimi-nametnuo-svog-kandidata.html<\/a><\/p>\n<p>&nbsp;<\/p>\n<!--[if lt IE 9]><script>document.createElement('audio');<\/script><![endif]-->\n\t<div class=\"wp-playlist wp-audio-playlist wp-playlist-light\">\n\t\t\t<div class=\"wp-playlist-current-item\"><\/div>\n\t\t<audio controls=\"controls\" preload=\"none\" width=\"452\"\n\t\t\t><\/audio>\n\t<div class=\"wp-playlist-next\"><\/div>\n\t<div class=\"wp-playlist-prev\"><\/div>\n\t<noscript>\n\t<ol>\n\t\t<li><a href='http:\/\/tupalla.com\/wp\/wp-content\/uploads\/2015\/06\/Ilir-Shaqiri-Presheva.mp3'>Ilir Shaqiri - Presheva<\/a><\/li>\t<\/ol>\n\t<\/noscript>\n\t<script type=\"application\/json\" class=\"wp-playlist-script\">{\"type\":\"audio\",\"tracklist\":true,\"tracknumbers\":true,\"images\":false,\"artists\":true,\"tracks\":[{\"src\":\"http:\\\/\\\/tupalla.com\\\/wp\\\/wp-content\\\/uploads\\\/2015\\\/06\\\/Ilir-Shaqiri-Presheva.mp3\",\"type\":\"audio\\\/mpeg\",\"title\":\"Ilir Shaqiri - Presheva\",\"caption\":\"\",\"description\":\"\",\"meta\":{\"length_formatted\":\"3:51\"},\"image\":{\"src\":\"http:\\\/\\\/tupalla.com\\\/wp\\\/wp-includes\\\/images\\\/media\\\/audio.png\",\"width\":48,\"height\":64},\"thumb\":{\"src\":\"http:\\\/\\\/tupalla.com\\\/wp\\\/wp-includes\\\/images\\\/media\\\/audio.png\",\"width\":48,\"height\":64}}]}<\/script>\n<\/div>\n\t\n<p>&nbsp;<\/p>\n<p><strong>Medvegja REDAKSIA<\/strong><\/p>\n<p>B\u00ebhuni pjes\u00eb e <strong><span style=\"color: #339966;\">Faqes<\/span> Medvegja REDAKSIA\u00a0 <\/strong><a href=\"https:\/\/www.facebook.com\/medvegja.redaksia\" target=\"_blank\">www.facebook.com\/medvegja.redaksia<\/a><\/p>\n<p><img loading=\"lazy\" class=\"alignleft  wp-image-3406\" src=\"http:\/\/tupalla.com\/wp\/wp-content\/uploads\/2015\/05\/logo-001_pixiz.png\" alt=\"Asllan Dibrani,ibrahim egriu,Shaban Abazi, Maki,Makfire CANOLLI,kosova lindore , Lugina e presheves, zenel Hajdini, florim rushiti,adem Jashari,Brahim Salihu CURRI ,xhim xhema,Ramadan Xhema,Poezi,hijet q\u00eb teatronin,armiku ,kosova ,medvegja ,presheva ,shqiperia etnike,U\u00e7K,U\u00e7pmb,ilirida,adem jashari,sk\u00ebnder beu, n\u00ebn tereza,Medvegja Redaksia, tupalla.com,sanxhaku i nishit,kultur ,sport,politik\u00eb, luft\u00eb,paqe,pajtim, korrupcion , gjygje,shkoll\u00eb,arsim,profesion,shkenc\u00eb,art,parlament,avokat,presidentja,Pacolli,femi Beha,PD medvegje, PVD Medvegj\u00eb. Kosova Lindore, Ligina e presheves,riza Halimit,Sadri Ramabaja,Rrapi i jet\u00ebs sime, Gallap-Gollaku, Zahide Marije Ukaj-Mal\u00ebsorja medvegjase,Smail Morina-Ballisti ,ortodokset shqipetar Maqedoni,Beogradi,sport boks ,Agim Tahiraj ,Aziz salihu, Samir Salihu,Tupalla.shpernhulja e shqipetarve 1999,poezia e jav\u00ebs,Ali Hajdini,Sanxhaku i Nishit,Filmi , Kosov\u00eb, shqiponj\u00eb e rob\u00ebruar,Jusuf G\u00ebrvalla, Sofra Medvegjase,Shqiptare,shoqata Medvegja,Din EGRIU Atentat,Ali Laj\u00e7i, Kufiri kosov\u00eb Mal i Zi,Historia Shqiptare ,Shperngulja sanxhaku i Nishit Toplica, Zahide Marije UKAJ-Mal\u00ebsorja Medvegjase,1 Maji,Bashkim SADIKU, Bashkimin Komb\u00ebtar,internet,rrjetet socjale, LSH n\u00eb Gjermani me 01.05.2015,Promovim librash n\u00eb M\u00ebrgat\u00ebs Shqiptare, Poezia e javes, Fshati me roje,xhandarmeri,Lufta e pare botrore,Beteja e \u00c7anakalas\u00eb 1915-1916,Tupall\u00eb, Tupalla,Sfirca, Kapia, Kufiri,Kumanova,pushke e vjeter , 14 vjetorit t\u00eb luft\u00ebs \u00e7lirimtare n\u00eb Kosov\u00ebn Lindore \/ OVL e U\u00c7PMB-s\u00eb , Medvegj\u00eb - Pas spastrimit etnik t\u00eb shqiptar\u00ebve - vazhduan edhe prerjet e maleve me p\u00ebrkrahjen e shtetit ,mbi 1000 hektar, Maqedonis\u00eb po i rr\u00ebshqasin themelet mbi tokat shqiptare, Terrorizmi sllavo-maqedonas mposhtet vet\u00ebm me konfederat\u00eb ose shk\u00ebputje, Marr\u00ebveshja e Ohrit ka vdekur, Koco Danaj,Kryetar, Lista p\u00ebr Shqip\u00ebri natyrale,do t\u00eb lulezoj Kumanova, Masakra e Dubrav\u00ebs m\u00eb e tmerrshmja nga Lufta e Dyt\u00eb Bot\u00ebrore,Mbahu Loke,operacioni shigjeta, kolonel Ruzhdi SARAMATI, memorial brigada 128 e U\u00e7k-s\u00eb,Gostrozhup t\u00eb Hasit, M\u00cb MIR\u00cb I VRAR\u00cb E N\u00cb GUR\u00cb LAPIDARI SE SA I VDEKUR P\u00cbR S\u00cb GJALLI!Ismet Asllani-Prapashtica, Ilir Meta ,Aleksander Vucic,Ballist Morina,Biografia Shaban Abazi Bac u kry, ATJE I KEMI VARRET E T\u00cb PAR\u00cbVE, FTES\u00cb ,Partia Demokratike Dega n\u00eb Medvegj\u00eb, Medvegja tani n\u00eb drejtimin e duhur\" width=\"241\" height=\"241\" srcset=\"http:\/\/tupalla.com\/wp\/wp-content\/uploads\/2015\/05\/logo-001_pixiz.png 572w, http:\/\/tupalla.com\/wp\/wp-content\/uploads\/2015\/05\/logo-001_pixiz-150x150.png 150w, http:\/\/tupalla.com\/wp\/wp-content\/uploads\/2015\/05\/logo-001_pixiz-300x300.png 300w\" sizes=\"(max-width: 241px) 100vw, 241px\" \/><\/p>\n<p>&nbsp;<\/p>\n<p>&nbsp;<\/p>\n<p>&nbsp;<\/p>\n<p>&nbsp;<\/p>\n","protected":false},"excerpt":{"rendered":"<p>&nbsp; Vet\u00ebm nj\u00eb dit\u00eb pasi q\u00eb Qeveria e S\u00ebrbis\u00eb ka pru vendimin p\u00ebr shpartallimin e Kuvendit komunal t\u00eb Medvegj\u00ebs dhe ka emruar an\u00ebtar\u00ebt e kryesis\u00eb s\u00eb organit t\u00eb p\u00ebrkohsh\u00ebm t\u00eb komun\u00ebs, n\u00eb opinion kan\u00eb dal\u00eb informacione rreth pak\u00ebnaq\u00ebsis\u00eb s\u00eb madhe t\u00eb popullat\u00ebs shqiptare p\u00ebr shkak t\u00eb lojrave t\u00eb shumfishta t\u00eb kryetarit t\u00eb PVD-s\u00eb Riza Halimit, &hellip; <a href=\"http:\/\/tupalla.com\/wp\/medvegje-shqipetarve-ju-largojn-perfaqesuesin-mr-sc-e-vendosin-marangoz\/\" class=\"more-link\">Continuer la lecture de <span class=\"screen-reader-text\">Medvegj\u00eb-Shqipetarve ju largojn perfaq\u00ebsuesin Mr.Sc e vendosin Marangoz<\/span> <span class=\"meta-nav\">&rarr;<\/span><\/a><\/p>\n","protected":false},"author":1,"featured_media":3535,"comment_status":"open","ping_status":"open","sticky":false,"template":"","format":"standard","meta":[],"categories":[59],"tags":[],"_links":{"self":[{"href":"http:\/\/tupalla.com\/wp\/wp-json\/wp\/v2\/posts\/3533"}],"collection":[{"href":"http:\/\/tupalla.com\/wp\/wp-json\/wp\/v2\/posts"}],"about":[{"href":"http:\/\/tupalla.com\/wp\/wp-json\/wp\/v2\/types\/post"}],"author":[{"embeddable":true,"href":"http:\/\/tupalla.com\/wp\/wp-json\/wp\/v2\/users\/1"}],"replies":[{"embeddable":true,"href":"http:\/\/tupalla.com\/wp\/wp-json\/wp\/v2\/comments?post=3533"}],"version-history":[{"count":12,"href":"http:\/\/tupalla.com\/wp\/wp-json\/wp\/v2\/posts\/3533\/revisions"}],"predecessor-version":[{"id":3555,"href":"http:\/\/tupalla.com\/wp\/wp-json\/wp\/v2\/posts\/3533\/revisions\/3555"}],"wp:featuredmedia":[{"embeddable":true,"href":"http:\/\/tupalla.com\/wp\/wp-json\/wp\/v2\/media\/3535"}],"wp:attachment":[{"href":"http:\/\/tupalla.com\/wp\/wp-json\/wp\/v2\/media?parent=3533"}],"wp:term":[{"taxonomy":"category","embeddable":true,"href":"http:\/\/tupalla.com\/wp\/wp-json\/wp\/v2\/categories?post=3533"},{"taxonomy":"post_tag","embeddable":true,"href":"http:\/\/tupalla.com\/wp\/wp-json\/wp\/v2\/tags?post=3533"}],"curies":[{"name":"wp","href":"https:\/\/api.w.org\/{rel}","templated":true}]}}