{"id":2253,"date":"2015-02-12T22:45:09","date_gmt":"2015-02-12T21:45:09","guid":{"rendered":"http:\/\/tupalla.com\/wp\/?p=2253"},"modified":"2018-02-28T19:02:19","modified_gmt":"2018-02-28T18:02:19","slug":"edhe-sa-kemi-mbetur","status":"publish","type":"post","link":"http:\/\/tupalla.com\/wp\/edhe-sa-kemi-mbetur\/","title":{"rendered":"EDHE SA KEMI MBETUR"},"content":{"rendered":"<p><img loading=\"lazy\" class=\"aligncenter size-medium wp-image-2254\" src=\"http:\/\/tupalla.com\/wp\/wp-content\/uploads\/2015\/02\/emigrimi-001-300x226.png\" alt=\"emigrimi 001\" width=\"300\" height=\"226\" srcset=\"http:\/\/tupalla.com\/wp\/wp-content\/uploads\/2015\/02\/emigrimi-001-300x226.png 300w, http:\/\/tupalla.com\/wp\/wp-content\/uploads\/2015\/02\/emigrimi-001-120x90.png 120w, http:\/\/tupalla.com\/wp\/wp-content\/uploads\/2015\/02\/emigrimi-001-282x211.png 282w, http:\/\/tupalla.com\/wp\/wp-content\/uploads\/2015\/02\/emigrimi-001.png 665w\" sizes=\"(max-width: 300px) 100vw, 300px\" \/><\/p>\n<p>Migrimi ilegal i cili \u00ebsht\u00eb nj\u00eb proces q\u00eb n\u00eb gjith\u00eb bot\u00ebn njihet si nj\u00eb proces i jasht\u00ebzakonsh\u00ebm , por q\u00eb tashm\u00eb n\u00eb Kosov\u00eb \u00ebsht\u00eb shndrruar\u00eb m\u00eb shum\u00eb se i zakonsh\u00ebm , i arsyesh\u00ebm , i domosdosh\u00ebm e deri tek pashmangshm\u00ebria e k\u00ebtij procesi .<br \/>\nKy pasqyrim dhe numri aq i lart\u00eb i banor\u00ebve te Kosov\u00ebs , e q\u00eb tashm\u00eb mund t\u00eb themi se ka arritur numrin e migran\u00ebt\u00ebve Kosovar\u00eb rezulton t\u00eb jet\u00eb kulminant\u00eb , dhe i gjith\u00eb ky evolucion po reflekton interpretimin dhe pyetjen n\u00eb gjith\u00eb territorin dhe tek qytetar\u00ebt e mbetur n\u00eb Kosov\u00eb ;<\/p>\n<p>shkruan per Medvegja REDAKSIA,Bashkim SADIKU<\/p>\n","protected":false},"excerpt":{"rendered":"<p>Migrimi ilegal i cili \u00ebsht\u00eb nj\u00eb proces q\u00eb n\u00eb gjith\u00eb bot\u00ebn njihet si nj\u00eb proces i jasht\u00ebzakonsh\u00ebm , por q\u00eb tashm\u00eb n\u00eb Kosov\u00eb \u00ebsht\u00eb shndrruar\u00eb m\u00eb shum\u00eb se i zakonsh\u00ebm , i arsyesh\u00ebm , i domosdosh\u00ebm e deri tek pashmangshm\u00ebria e k\u00ebtij procesi . Ky pasqyrim dhe numri aq i lart\u00eb i banor\u00ebve te Kosov\u00ebs &hellip; <a href=\"http:\/\/tupalla.com\/wp\/edhe-sa-kemi-mbetur\/\" class=\"more-link\">Continuer la lecture de <span class=\"screen-reader-text\">EDHE SA KEMI MBETUR<\/span> <span class=\"meta-nav\">&rarr;<\/span><\/a><\/p>\n","protected":false},"author":1,"featured_media":2254,"comment_status":"closed","ping_status":"open","sticky":false,"template":"","format":"standard","meta":[],"categories":[60],"tags":[],"_links":{"self":[{"href":"http:\/\/tupalla.com\/wp\/wp-json\/wp\/v2\/posts\/2253"}],"collection":[{"href":"http:\/\/tupalla.com\/wp\/wp-json\/wp\/v2\/posts"}],"about":[{"href":"http:\/\/tupalla.com\/wp\/wp-json\/wp\/v2\/types\/post"}],"author":[{"embeddable":true,"href":"http:\/\/tupalla.com\/wp\/wp-json\/wp\/v2\/users\/1"}],"replies":[{"embeddable":true,"href":"http:\/\/tupalla.com\/wp\/wp-json\/wp\/v2\/comments?post=2253"}],"version-history":[{"count":1,"href":"http:\/\/tupalla.com\/wp\/wp-json\/wp\/v2\/posts\/2253\/revisions"}],"predecessor-version":[{"id":2255,"href":"http:\/\/tupalla.com\/wp\/wp-json\/wp\/v2\/posts\/2253\/revisions\/2255"}],"wp:featuredmedia":[{"embeddable":true,"href":"http:\/\/tupalla.com\/wp\/wp-json\/wp\/v2\/media\/2254"}],"wp:attachment":[{"href":"http:\/\/tupalla.com\/wp\/wp-json\/wp\/v2\/media?parent=2253"}],"wp:term":[{"taxonomy":"category","embeddable":true,"href":"http:\/\/tupalla.com\/wp\/wp-json\/wp\/v2\/categories?post=2253"},{"taxonomy":"post_tag","embeddable":true,"href":"http:\/\/tupalla.com\/wp\/wp-json\/wp\/v2\/tags?post=2253"}],"curies":[{"name":"wp","href":"https:\/\/api.w.org\/{rel}","templated":true}]}}